[{"@context":"https:\/\/schema.org\/","@type":"Article","@id":"https:\/\/www.jollypixie.cz\/jak-si-spravne-zaridit-domaci-pracovnu\/#Article","mainEntityOfPage":"https:\/\/www.jollypixie.cz\/jak-si-spravne-zaridit-domaci-pracovnu\/","headline":"Jak si spr\u00e1vn\u011b za\u0159\u00eddit dom\u00e1c\u00ed pracovnu?","name":"Jak si spr\u00e1vn\u011b za\u0159\u00eddit dom\u00e1c\u00ed pracovnu?","description":"Pakli\u017ee pat\u0159\u00edte k\u00a0lidem, kte\u0159\u00ed si berou pr\u00e1ci dom\u016f, p\u0159\u00edpadn\u011b pracujete-li z\u00a0domu, jist\u011b mus\u00edte m\u00edt n\u011bjak\u00e9 m\u00edsto, kde pracujete. St\u016fl, \u017eidli, laptop, lampu, mo\u017en\u00e1 kalend\u00e1\u0159 a di\u00e1\u0159 nebo seznam akc\u00ed. D\u016fle\u017eit\u00e9 ale je tak\u00e9 m\u00edsto, kde st\u016fl stoj\u00ed, v\u011bci, kter\u00e9 m\u00e1te pobl\u00ed\u017e i m\u00edstnost, kterou si k\u00a0pr\u00e1ci vyberete. V\u00a0mal\u00e9m byt\u011b m\u00e1lo m\u00edsta Pokud si mysl\u00edte, \u017ee [&hellip;]","datePublished":"2023-04-27","dateModified":"2023-04-27","author":{"@type":"Person","@id":"https:\/\/www.jollypixie.cz\/author\/devene\/#Person","name":"jollypixie.cz","url":"https:\/\/www.jollypixie.cz\/author\/devene\/","identifier":1,"image":{"@type":"ImageObject","@id":"https:\/\/secure.gravatar.com\/avatar\/9bbe1b3bd68cf5b616cc697a459b86e3be4df6c120806baf939f8aad94b0a3d6?s=96&d=mm&r=g","url":"https:\/\/secure.gravatar.com\/avatar\/9bbe1b3bd68cf5b616cc697a459b86e3be4df6c120806baf939f8aad94b0a3d6?s=96&d=mm&r=g","height":96,"width":96}},"publisher":{"@type":"Organization","name":"jollypixie.cz","logo":{"@type":"ImageObject","@id":"\/logo.png","url":"\/logo.png","width":600,"height":60}},"url":"https:\/\/www.jollypixie.cz\/jak-si-spravne-zaridit-domaci-pracovnu\/","about":["Bydlen\u00ed"],"wordCount":419,"articleBody":"Pakli\u017ee pat\u0159\u00edte k\u00a0lidem, kte\u0159\u00ed si berou pr\u00e1ci dom\u016f, p\u0159\u00edpadn\u011b pracujete-li z\u00a0domu, jist\u011b mus\u00edte m\u00edt n\u011bjak\u00e9 m\u00edsto, kde pracujete. St\u016fl, \u017eidli, laptop, lampu, mo\u017en\u00e1 kalend\u00e1\u0159 a di\u00e1\u0159 nebo seznam akc\u00ed. D\u016fle\u017eit\u00e9 ale je tak\u00e9 m\u00edsto, kde st\u016fl stoj\u00ed, v\u011bci, kter\u00e9 m\u00e1te pobl\u00ed\u017e i m\u00edstnost, kterou si k\u00a0pr\u00e1ci vyberete.V\u00a0mal\u00e9m byt\u011b m\u00e1lo m\u00edstaPokud si mysl\u00edte, \u017ee nejde m\u00edt v\u00a0mal\u00e9m byt\u011b pracovnu s\u00a0ve\u0161ker\u00fdm komfortem, kter\u00fd nab\u00edz\u00ed samostatn\u00e1 pracovna, jste na omylu. Sta\u010d\u00ed, kdy\u017e si vkusn\u011b, komfortn\u011b a chyt\u0159e za\u0159\u00edd\u00edte pracovn\u00ed kout. Je utn\u00e9 mal\u00e9ho prostoru spr\u00e1vn\u011b vyu\u017e\u00edt, a pokud um\u00edte pracovat s\u00a0prostorem i n\u00e1bytkem, pracovn\u00ed kout v\u00e1m zdatn\u011b zastane pr\u00e1ci plnohodnotn\u00e9 pracovny.Jak funguje pracovn\u00ed koutJeho v\u00fdhody jsou velk\u00e9. M\u016f\u017eete si jej z\u0159\u00eddit kdekoli v\u00a0byt\u011b, kam se v\u00e1m to hod\u00ed. M\u00e1te-li prostorn\u011bj\u0161\u00ed p\u0159eds\u00ed\u0148 \u010di chodbu, je mo\u017en\u00e9 situovat pracovnu i zde. Tak\u00e9 je mo\u017en\u00e9 vyu\u017e\u00edt p\u0159eds\u00ed\u0148ov\u00e9ho v\u00fdklenku ve v\u00e1\u0161 prosp\u011bch, pakli\u017ee zru\u0161\u00edte vestav\u011bnou sk\u0159\u00ed\u0148. Av\u0161ak toto se doporu\u010duje pouze mu\u017e\u016fm, nikoli \u017een\u00e1m, jeliko\u017e podle psycholog\u016f \u017eeny v\u011bt\u0161inou pr\u00e1ci v\u00a0takto st\u00edsn\u011bn\u00e9m prostoru sn\u00e1\u0161ej\u00ed velmi \u0161patn\u011b, st\u00edsn\u011bn\u00e9 prostory p\u016fsob\u00ed klaustrofobick\u00fdm dojmem a u \u017een zvy\u0161uje emocion\u00e1ln\u00ed labilitu; dokonce zde hroz\u00ed v\u011bt\u0161\u00ed pravd\u011bpodobnost deprese. Pakli\u017ee jste \u017eena a p\u0159em\u00fd\u0161l\u00edte o n\u00e1hrad\u011b za pracovnu, doporu\u010dujeme v\u00e1m otev\u0159en\u00fd prostor, nap\u0159\u00edklad voln\u00e9 m\u00edsto mezi kuchyn\u00ed a pokojem, nebo st\u011bnu vertik\u00e1ln\u011b sm\u011brem k\u00a0hlavn\u00edm vchodov\u00fdm dve\u0159\u00edm. D\u00e1vejte si v\u0161ak pozor, abyste m\u011bly dostate\u010dn\u00e9 sv\u011btlo a prostor okolo sebe.Co po\u0159\u00eddit do pracovny?&#8211;\u00a0\u00a0\u00a0\u00a0\u00a0\u00a0\u00a0\u00a0\u00a0 Z\u00e1kladem je pracovn\u00ed st\u016fl&#8211;\u00a0\u00a0\u00a0\u00a0\u00a0\u00a0\u00a0\u00a0\u00a0 Nejd\u016fle\u017eit\u011bj\u0161\u00ed je nastaviteln\u00e1 \u017eidle \u2013 pakli\u017ee trp\u00edte zdravotn\u00edmi obt\u00ed\u017eemi spojen\u00fdmi s\u00a0pohybov\u00fdm apar\u00e1tem nebo p\u00e1te\u0159\u00ed, volte \u017eidli, kter\u00e1 je ozna\u010den\u00e1 jako zdravotn\u00ed&#8211;\u00a0\u00a0\u00a0\u00a0\u00a0\u00a0\u00a0\u00a0\u00a0 \u00dalo\u017en\u00e9 prostory \u2013 nap\u0159\u00edklad police zav\u011b\u0161en\u00e9 nad stolem, z\u00e1suvky, nebo zasouvac\u00ed boxy se z\u00e1suvkami zvl\u00e1\u0161\u0165, abyste pln\u011b vyu\u017eili prostoru&#8211;\u00a0\u00a0\u00a0\u00a0\u00a0\u00a0\u00a0\u00a0\u00a0 Knihovna \u010di reg\u00e1l na knihy&#8211;\u00a0\u00a0\u00a0\u00a0\u00a0\u00a0\u00a0\u00a0\u00a0 Pakli\u017ee zde nen\u00ed m\u00edsto pro knihovnu, pokuste se sem vt\u011bsnat alespo\u0148 komodu nebo men\u0161\u00ed sk\u0159\u00ed\u0148ku                                                                                                                                                                                                                                                                                                                                                                                        3.5\/5 - (4 votes)        "},{"@context":"https:\/\/schema.org\/","@type":"BreadcrumbList","itemListElement":[{"@type":"ListItem","position":1,"name":"Jak si spr\u00e1vn\u011b za\u0159\u00eddit dom\u00e1c\u00ed pracovnu?","item":"https:\/\/www.jollypixie.cz\/jak-si-spravne-zaridit-domaci-pracovnu\/#breadcrumbitem"}]}]