[{"@context":"https:\/\/schema.org\/","@type":"Article","@id":"https:\/\/www.jollypixie.cz\/terno-jmenem-palety\/#Article","mainEntityOfPage":"https:\/\/www.jollypixie.cz\/terno-jmenem-palety\/","headline":"Terno jm\u00e9nem palety","name":"Terno jm\u00e9nem palety","description":"Je nejeden podnikatel, kter\u00fd u\u017e si nedok\u00e1\u017ee sv\u00e9 \u017eivobyt\u00ed bez palet v\u016fbec p\u0159edstavit. A nemysl\u00edm nyn\u00ed mal\u00ed\u0159e s jejich paletami s rozpatlan\u00fdmi barvi\u010dkami, ale ty, kdo pou\u017e\u00edvaj\u00ed palety ur\u010den\u00e9 k p\u0159eprav\u011b a skladov\u00e1n\u00ed \u010dehokoliv. Takov\u00e9 palety dok\u00e1\u017eou u\u0161et\u0159it spoustu pr\u00e1ce. Jak jenom obt\u00ed\u017en\u00e9 by bez nich bylo vykon\u00e1vat profese jako skladn\u00edk, dopravce, obchodn\u00edk a jim [&hellip;]","datePublished":"2019-06-22","dateModified":"2024-04-10","author":{"@type":"Person","@id":"https:\/\/www.jollypixie.cz\/author\/devene\/#Person","name":"jollypixie.cz","url":"https:\/\/www.jollypixie.cz\/author\/devene\/","identifier":1,"image":{"@type":"ImageObject","@id":"https:\/\/secure.gravatar.com\/avatar\/9bbe1b3bd68cf5b616cc697a459b86e3be4df6c120806baf939f8aad94b0a3d6?s=96&d=mm&r=g","url":"https:\/\/secure.gravatar.com\/avatar\/9bbe1b3bd68cf5b616cc697a459b86e3be4df6c120806baf939f8aad94b0a3d6?s=96&d=mm&r=g","height":96,"width":96}},"publisher":{"@type":"Organization","name":"jollypixie.cz","logo":{"@type":"ImageObject","@id":"\/logo.png","url":"\/logo.png","width":600,"height":60}},"image":{"@type":"ImageObject","@id":"https:\/\/www.jollypixie.cz\/wp-content\/uploads\/img_a350178_w1716_t1565005924.jpg","url":"https:\/\/www.jollypixie.cz\/wp-content\/uploads\/img_a350178_w1716_t1565005924.jpg","height":0,"width":0},"url":"https:\/\/www.jollypixie.cz\/terno-jmenem-palety\/","about":["V\u00fdrobky"],"wordCount":415,"articleBody":"       Je nejeden podnikatel, kter\u00fd u\u017e si nedok\u00e1\u017ee sv\u00e9 \u017eivobyt\u00ed bez palet v\u016fbec p\u0159edstavit. A nemysl\u00edm nyn\u00ed mal\u00ed\u0159e s jejich paletami s rozpatlan\u00fdmi barvi\u010dkami, ale ty, kdo pou\u017e\u00edvaj\u00ed palety ur\u010den\u00e9 k p\u0159eprav\u011b a skladov\u00e1n\u00ed \u010dehokoliv.  Takov\u00e9 palety dok\u00e1\u017eou u\u0161et\u0159it spoustu pr\u00e1ce. Jak jenom obt\u00ed\u017en\u00e9 by bez nich bylo vykon\u00e1vat profese jako skladn\u00edk, dopravce, obchodn\u00edk a jim podobn\u00ed! Ti by se n\u011bco nab\u011bhali, kdyby m\u011bli ony stovky \u010di dokonce tis\u00edce kus\u016f \u010dehokoliv odnosit z m\u00edsta na m\u00edsto! Vz\u00edt nap\u0159\u00edklad jednu plechovku s n\u011b\u010d\u00edm a vyn\u00e9st ji ze skladu na korbu n\u00e1kladn\u00edho auta, tam ji bezpe\u010dn\u011b ulo\u017eit a b\u011b\u017eet pro dal\u0161\u00ed, tis\u00edckr\u00e1t denn\u011b tam a zp\u011bt, pak podobn\u011b pob\u00edhat mezi kamionem a obchodem,\u2026 To by byla pr\u00e1ce doslova za trest. Bylo by to nam\u00e1hav\u00e9 a na mnoha m\u00edstech by nest\u00edhali plnit to, co je t\u0159eba, ani kdyby najali cel\u00e9 z\u00e1stupy piln\u00fdch zam\u011bstnanc\u016f nav\u00edc.  Zat\u00edmco s takov\u00fdmi paletami je to o pozn\u00e1n\u00ed jednodu\u0161\u0161\u00ed. A aby to vyhovovalo ka\u017ed\u00e9mu, nejsou palety jako palety. Dnes u\u017e jich existuje cel\u00e1 \u0159ada: &#8211; p\u0159epravn\u00ed palety &#8211; europalety &#8211; standardn\u00ed palety &#8211; atypick\u00e9 palety &#8211; ba i gitterboxy A by\u0165 jsou tyto r\u016fzn\u00e9, slou\u017e\u00ed vlastn\u011b jedin\u00e9mu \u00fa\u010delu. Tomu, aby se v\u0161e co nejsn\u00e1ze p\u0159epravovalo a skladovalo, aby se v\u0161e pohodln\u011b um\u00edstilo a ve\u0161lo na korby n\u00e1kladn\u00edch vozidel, na \u017eelezni\u010dn\u00ed vagony, do kontejner\u016f a podobn\u011b. A pot\u00e9, co tyto palety moment\u00e1ln\u011b nenal\u00e9zaj\u00ed uplatn\u011bn\u00ed, je lze velice jednodu\u0161e naskl\u00e1dat na sebe do kom\u00ednku, \u010d\u00edm\u017e tyto zaberou jen minimum m\u00edsta a ani\u017e by n\u011bkomu p\u0159ek\u00e1\u017eely, mohou stohovan\u00e9 do\u010dkat chv\u00edle, kdy jich op\u011bt bude zapot\u0159eb\u00ed. A kde se lze k takov\u00fdm palet\u00e1m dostat? Na to vlastn\u011b nen\u00ed v\u016fbec t\u011b\u017ek\u00e9 odpov\u011bd\u011bt. V Palety Morava s.r.o. se toti\u017e pr\u00e1v\u011b tomuto sortimentu v\u011bnuj\u00ed u\u017e po dlouh\u00e1 l\u00e9ta a od jejich pouh\u00e9ho v\u00fdkupu se propracovali a\u017e k jejich v\u00fdrob\u011b, tepeln\u00e9mu o\u0161et\u0159ov\u00e1n\u00ed, oprav\u00e1m a doprav\u011b. A mohou tak ka\u017ed\u00e9mu nab\u00eddnout p\u0159esn\u011b takov\u00e9 exempl\u00e1\u0159e, jak\u00e9 si \u017e\u00e1d\u00e1, jak\u00e9 jsou pro ten kter\u00fd \u00fa\u010del zapot\u0159eb\u00ed.                                                                                                                                                                                                                                                                                                                                                                                          3.2\/5 - (4 votes)        "},{"@context":"https:\/\/schema.org\/","@type":"BreadcrumbList","itemListElement":[{"@type":"ListItem","position":1,"name":"Terno jm\u00e9nem palety","item":"https:\/\/www.jollypixie.cz\/terno-jmenem-palety\/#breadcrumbitem"}]}]